{"id":2231,"date":"2024-04-07T16:42:27","date_gmt":"2024-04-07T16:42:27","guid":{"rendered":"https:\/\/in-memoriam.si\/pozdrav-svijete\/"},"modified":"2024-05-17T12:11:26","modified_gmt":"2024-05-17T12:11:26","slug":"pozdrav-svijete","status":"publish","type":"post","link":"https:\/\/in-memoriam.si\/hr\/pozdrav-svijete\/","title":{"rendered":"Pozdrav svijete!"},"content":{"rendered":"<p>Dobrodo\u0161li u WordPress. Ovo je tvoj prvi post. Uredite ga ili izbri\u0161ite, a zatim po\u010dnite pisati!<\/p>","protected":false},"excerpt":{"rendered":"<p>Dobrodo\u0161li u WordPress. Ovo je tvoj prvi post. Uredite ga ili izbri\u0161ite, a zatim po\u010dnite pisati!<\/p>\n","protected":false},"author":1,"featured_media":0,"comment_status":"closed","ping_status":"closed","sticky":false,"template":"","format":"standard","meta":{"footnotes":""},"categories":[109],"tags":[],"yoast_head":"<!-- This site is optimized with the Yoast SEO Premium plugin v23.5 (Yoast SEO v24.5) - https:\/\/yoast.com\/wordpress\/plugins\/seo\/ -->\n<title>Pozdrav svijete! - in memoriam<\/title>\n<meta name=\"robots\" content=\"index, nofollow, max-video-preview:-1, noimageindex, noarchive, nosnippet\" \/>\n<link rel=\"canonical\" href=\"https:\/\/in-memoriam.si\/hr\/pozdrav-svijete\/\" \/>\n<meta property=\"og:locale\" content=\"hr_HR\" \/>\n<meta property=\"og:type\" content=\"article\" \/>\n<meta property=\"og:title\" content=\"Pozdrav svijete!\" \/>\n<meta property=\"og:description\" content=\"Dobrodo\u0161li u WordPress. Ovo je tvoj prvi post. Uredite ga ili izbri\u0161ite, a zatim po\u010dnite pisati!\" \/>\n<meta property=\"og:url\" content=\"https:\/\/in-memoriam.si\/hr\/pozdrav-svijete\/\" \/>\n<meta property=\"og:site_name\" content=\"in memoriam\" \/>\n<meta property=\"article:publisher\" content=\"https:\/\/www.facebook.com\/FotoSimonka\" \/>\n<meta property=\"article:published_time\" content=\"2024-04-07T16:42:27+00:00\" \/>\n<meta property=\"article:modified_time\" content=\"2024-05-17T12:11:26+00:00\" \/>\n<meta property=\"og:image\" content=\"https:\/\/in-memoriam.si\/wp-content\/uploads\/2024\/05\/inmemoriam-014.webp\" \/>\n\t<meta property=\"og:image:width\" content=\"2200\" \/>\n\t<meta property=\"og:image:height\" content=\"1257\" \/>\n\t<meta property=\"og:image:type\" content=\"image\/webp\" \/>\n<meta name=\"author\" content=\"admin\" \/>\n<meta name=\"twitter:card\" content=\"summary_large_image\" \/>\n<meta name=\"twitter:label1\" content=\"Napisao\/la\" \/>\n\t<meta name=\"twitter:data1\" content=\"admin\" \/>\n<script type=\"application\/ld+json\" class=\"yoast-schema-graph\">{\"@context\":\"https:\/\/schema.org\",\"@graph\":[{\"@type\":\"Article\",\"@id\":\"https:\/\/in-memoriam.si\/hr\/pozdrav-svijete\/#article\",\"isPartOf\":{\"@id\":\"https:\/\/in-memoriam.si\/hr\/pozdrav-svijete\/\"},\"author\":{\"name\":\"admin\",\"@id\":\"https:\/\/in-memoriam.si\/hr\/#\/schema\/person\/0039c6a3d41ae5fae55289cf4a2d61a8\"},\"headline\":\"Pozdrav svijete!\",\"datePublished\":\"2024-04-07T16:42:27+00:00\",\"dateModified\":\"2024-05-17T12:11:26+00:00\",\"mainEntityOfPage\":{\"@id\":\"https:\/\/in-memoriam.si\/hr\/pozdrav-svijete\/\"},\"wordCount\":21,\"publisher\":{\"@id\":\"https:\/\/in-memoriam.si\/hr\/#organization\"},\"articleSection\":[\"in-memoriam\"],\"inLanguage\":\"hr\"},{\"@type\":\"WebPage\",\"@id\":\"https:\/\/in-memoriam.si\/hr\/pozdrav-svijete\/\",\"url\":\"https:\/\/in-memoriam.si\/hr\/pozdrav-svijete\/\",\"name\":\"Pozdrav svijete! - in memoriam\",\"isPartOf\":{\"@id\":\"https:\/\/in-memoriam.si\/hr\/#website\"},\"datePublished\":\"2024-04-07T16:42:27+00:00\",\"dateModified\":\"2024-05-17T12:11:26+00:00\",\"breadcrumb\":{\"@id\":\"https:\/\/in-memoriam.si\/hr\/pozdrav-svijete\/#breadcrumb\"},\"inLanguage\":\"hr\",\"potentialAction\":[{\"@type\":\"ReadAction\",\"target\":[\"https:\/\/in-memoriam.si\/hr\/pozdrav-svijete\/\"]}]},{\"@type\":\"BreadcrumbList\",\"@id\":\"https:\/\/in-memoriam.si\/hr\/pozdrav-svijete\/#breadcrumb\",\"itemListElement\":[{\"@type\":\"ListItem\",\"position\":1,\"name\":\"Home\",\"item\":\"https:\/\/in-memoriam.si\/hr\/in-memoriam\/\"},{\"@type\":\"ListItem\",\"position\":2,\"name\":\"Pozdrav svijete!\"}]},{\"@type\":\"WebSite\",\"@id\":\"https:\/\/in-memoriam.si\/hr\/#website\",\"url\":\"https:\/\/in-memoriam.si\/hr\/\",\"name\":\"in memoriam - v spomin\",\"description\":\"spomini na na&scaron;e drage pokojne\",\"publisher\":{\"@id\":\"https:\/\/in-memoriam.si\/hr\/#organization\"},\"alternateName\":\"Plo\u0161\u010dice s QR kodo\",\"potentialAction\":[{\"@type\":\"SearchAction\",\"target\":{\"@type\":\"EntryPoint\",\"urlTemplate\":\"https:\/\/in-memoriam.si\/hr\/?s={search_term_string}\"},\"query-input\":{\"@type\":\"PropertyValueSpecification\",\"valueRequired\":true,\"valueName\":\"search_term_string\"}}],\"inLanguage\":\"hr\"},{\"@type\":\"Organization\",\"@id\":\"https:\/\/in-memoriam.si\/hr\/#organization\",\"name\":\"in memoriam\",\"url\":\"https:\/\/in-memoriam.si\/hr\/\",\"logo\":{\"@type\":\"ImageObject\",\"inLanguage\":\"hr\",\"@id\":\"https:\/\/in-memoriam.si\/hr\/#\/schema\/logo\/image\/\",\"url\":\"https:\/\/in-memoriam.si\/wp-content\/uploads\/2024\/04\/inmemoriam-web-logo.webp\",\"contentUrl\":\"https:\/\/in-memoriam.si\/wp-content\/uploads\/2024\/04\/inmemoriam-web-logo.webp\",\"width\":300,\"height\":50,\"caption\":\"in memoriam\"},\"image\":{\"@id\":\"https:\/\/in-memoriam.si\/hr\/#\/schema\/logo\/image\/\"},\"sameAs\":[\"https:\/\/www.facebook.com\/FotoSimonka\"]},{\"@type\":\"Person\",\"@id\":\"https:\/\/in-memoriam.si\/hr\/#\/schema\/person\/0039c6a3d41ae5fae55289cf4a2d61a8\",\"name\":\"admin\",\"image\":{\"@type\":\"ImageObject\",\"inLanguage\":\"hr\",\"@id\":\"https:\/\/in-memoriam.si\/hr\/#\/schema\/person\/image\/\",\"url\":\"https:\/\/secure.gravatar.com\/avatar\/66d27cf48b0eb2a07f6a48905a04602d?s=96&d=blank&r=g\",\"contentUrl\":\"https:\/\/secure.gravatar.com\/avatar\/66d27cf48b0eb2a07f6a48905a04602d?s=96&d=blank&r=g\",\"caption\":\"admin\"},\"sameAs\":[\"https:\/\/in-memoriam.si\"],\"url\":\"https:\/\/in-memoriam.si\/hr\/author\/admin\/\"}]}<\/script>\n<!-- \/ Yoast SEO Premium plugin. -->","yoast_head_json":{"title":"Pozdrav svijete! - in memoriam","robots":{"index":"index","follow":"nofollow","max-video-preview":"max-video-preview:-1","imageindex":"noimageindex","archive":"noarchive","snippet":"nosnippet"},"canonical":"https:\/\/in-memoriam.si\/hr\/pozdrav-svijete\/","og_locale":"hr_HR","og_type":"article","og_title":"Pozdrav svijete!","og_description":"Dobrodo\u0161li u WordPress. Ovo je tvoj prvi post. Uredite ga ili izbri\u0161ite, a zatim po\u010dnite pisati!","og_url":"https:\/\/in-memoriam.si\/hr\/pozdrav-svijete\/","og_site_name":"in memoriam","article_publisher":"https:\/\/www.facebook.com\/FotoSimonka","article_published_time":"2024-04-07T16:42:27+00:00","article_modified_time":"2024-05-17T12:11:26+00:00","og_image":[{"width":2200,"height":1257,"url":"https:\/\/in-memoriam.si\/wp-content\/uploads\/2024\/05\/inmemoriam-014.webp","type":"image\/webp"}],"author":"admin","twitter_card":"summary_large_image","twitter_misc":{"Napisao\/la":"admin"},"schema":{"@context":"https:\/\/schema.org","@graph":[{"@type":"Article","@id":"https:\/\/in-memoriam.si\/hr\/pozdrav-svijete\/#article","isPartOf":{"@id":"https:\/\/in-memoriam.si\/hr\/pozdrav-svijete\/"},"author":{"name":"admin","@id":"https:\/\/in-memoriam.si\/hr\/#\/schema\/person\/0039c6a3d41ae5fae55289cf4a2d61a8"},"headline":"Pozdrav svijete!","datePublished":"2024-04-07T16:42:27+00:00","dateModified":"2024-05-17T12:11:26+00:00","mainEntityOfPage":{"@id":"https:\/\/in-memoriam.si\/hr\/pozdrav-svijete\/"},"wordCount":21,"publisher":{"@id":"https:\/\/in-memoriam.si\/hr\/#organization"},"articleSection":["in-memoriam"],"inLanguage":"hr"},{"@type":"WebPage","@id":"https:\/\/in-memoriam.si\/hr\/pozdrav-svijete\/","url":"https:\/\/in-memoriam.si\/hr\/pozdrav-svijete\/","name":"Pozdrav svijete! - in memoriam","isPartOf":{"@id":"https:\/\/in-memoriam.si\/hr\/#website"},"datePublished":"2024-04-07T16:42:27+00:00","dateModified":"2024-05-17T12:11:26+00:00","breadcrumb":{"@id":"https:\/\/in-memoriam.si\/hr\/pozdrav-svijete\/#breadcrumb"},"inLanguage":"hr","potentialAction":[{"@type":"ReadAction","target":["https:\/\/in-memoriam.si\/hr\/pozdrav-svijete\/"]}]},{"@type":"BreadcrumbList","@id":"https:\/\/in-memoriam.si\/hr\/pozdrav-svijete\/#breadcrumb","itemListElement":[{"@type":"ListItem","position":1,"name":"Home","item":"https:\/\/in-memoriam.si\/hr\/in-memoriam\/"},{"@type":"ListItem","position":2,"name":"Pozdrav svijete!"}]},{"@type":"WebSite","@id":"https:\/\/in-memoriam.si\/hr\/#website","url":"https:\/\/in-memoriam.si\/hr\/","name":"in memoriam - v spomin","description":"spomini na na&scaron;e drage pokojne","publisher":{"@id":"https:\/\/in-memoriam.si\/hr\/#organization"},"alternateName":"Plo\u0161\u010dice s QR kodo","potentialAction":[{"@type":"SearchAction","target":{"@type":"EntryPoint","urlTemplate":"https:\/\/in-memoriam.si\/hr\/?s={search_term_string}"},"query-input":{"@type":"PropertyValueSpecification","valueRequired":true,"valueName":"search_term_string"}}],"inLanguage":"hr"},{"@type":"Organization","@id":"https:\/\/in-memoriam.si\/hr\/#organization","name":"in memoriam","url":"https:\/\/in-memoriam.si\/hr\/","logo":{"@type":"ImageObject","inLanguage":"hr","@id":"https:\/\/in-memoriam.si\/hr\/#\/schema\/logo\/image\/","url":"https:\/\/in-memoriam.si\/wp-content\/uploads\/2024\/04\/inmemoriam-web-logo.webp","contentUrl":"https:\/\/in-memoriam.si\/wp-content\/uploads\/2024\/04\/inmemoriam-web-logo.webp","width":300,"height":50,"caption":"in memoriam"},"image":{"@id":"https:\/\/in-memoriam.si\/hr\/#\/schema\/logo\/image\/"},"sameAs":["https:\/\/www.facebook.com\/FotoSimonka"]},{"@type":"Person","@id":"https:\/\/in-memoriam.si\/hr\/#\/schema\/person\/0039c6a3d41ae5fae55289cf4a2d61a8","name":"admin","image":{"@type":"ImageObject","inLanguage":"hr","@id":"https:\/\/in-memoriam.si\/hr\/#\/schema\/person\/image\/","url":"https:\/\/secure.gravatar.com\/avatar\/66d27cf48b0eb2a07f6a48905a04602d?s=96&d=blank&r=g","contentUrl":"https:\/\/secure.gravatar.com\/avatar\/66d27cf48b0eb2a07f6a48905a04602d?s=96&d=blank&r=g","caption":"admin"},"sameAs":["https:\/\/in-memoriam.si"],"url":"https:\/\/in-memoriam.si\/hr\/author\/admin\/"}]}},"_links":{"self":[{"href":"https:\/\/in-memoriam.si\/hr\/wp-json\/wp\/v2\/posts\/2231"}],"collection":[{"href":"https:\/\/in-memoriam.si\/hr\/wp-json\/wp\/v2\/posts"}],"about":[{"href":"https:\/\/in-memoriam.si\/hr\/wp-json\/wp\/v2\/types\/post"}],"author":[{"embeddable":true,"href":"https:\/\/in-memoriam.si\/hr\/wp-json\/wp\/v2\/users\/1"}],"replies":[{"embeddable":true,"href":"https:\/\/in-memoriam.si\/hr\/wp-json\/wp\/v2\/comments?post=2231"}],"version-history":[{"count":1,"href":"https:\/\/in-memoriam.si\/hr\/wp-json\/wp\/v2\/posts\/2231\/revisions"}],"predecessor-version":[{"id":2504,"href":"https:\/\/in-memoriam.si\/hr\/wp-json\/wp\/v2\/posts\/2231\/revisions\/2504"}],"wp:attachment":[{"href":"https:\/\/in-memoriam.si\/hr\/wp-json\/wp\/v2\/media?parent=2231"}],"wp:term":[{"taxonomy":"category","embeddable":true,"href":"https:\/\/in-memoriam.si\/hr\/wp-json\/wp\/v2\/categories?post=2231"},{"taxonomy":"post_tag","embeddable":true,"href":"https:\/\/in-memoriam.si\/hr\/wp-json\/wp\/v2\/tags?post=2231"}],"curies":[{"name":"wp","href":"https:\/\/api.w.org\/{rel}","templated":true}]}}